{"id":15671,"date":"2022-11-03T10:09:19","date_gmt":"2022-11-03T13:09:19","guid":{"rendered":"https:\/\/volunteergreatermoncton.com\/conseil-dadministration-inclusion-nb\/"},"modified":"2022-12-10T17:06:06","modified_gmt":"2022-12-10T21:06:06","slug":"conseil-dadministration-inclusion-nb","status":"publish","type":"post","link":"https:\/\/volunteergreatermoncton.com\/fr\/conseil-dadministration-inclusion-nb\/","title":{"rendered":"Conseil d&rsquo;administration | Inclusion NB"},"content":{"rendered":"<p>[et_pb_section fb_built=\u00a0\u00bb1&Prime; theme_builder_area=\u00a0\u00bbpost_content\u00a0\u00bb _builder_version=\u00a0\u00bb4.18.1&Prime; _module_preset=\u00a0\u00bbdefault\u00a0\u00bb][et_pb_row _builder_version=\u00a0\u00bb4.18.1&Prime; _module_preset=\u00a0\u00bbdefault\u00a0\u00bb theme_builder_area=\u00a0\u00bbpost_content\u00a0\u00bb][et_pb_column _builder_version=\u00a0\u00bb4.18.1&Prime; _module_preset=\u00a0\u00bbdefault\u00a0\u00bb type=\u00a0\u00bb4_4&Prime; theme_builder_area=\u00a0\u00bbpost_content\u00a0\u00bb][et_pb_image src=\u00a0\u00bbhttps:\/\/volunteergreatermoncton.com\/wp-content\/uploads\/2022\/11\/inclusionNB.jpg\u00a0\u00bb _builder_version=\u00a0\u00bb4.18.1&Prime; _module_preset=\u00a0\u00bbdefault\u00a0\u00bb theme_builder_area=\u00a0\u00bbpost_content\u00a0\u00bb hover_enabled=\u00a0\u00bb0&Prime; sticky_enabled=\u00a0\u00bb0&Prime; alt=\u00a0\u00bblogo Inclusion NB\u00a0\u00bb title_text=\u00a0\u00bbinclusionNB\u00a0\u00bb][\/et_pb_image][\/et_pb_column][\/et_pb_row][et_pb_row _builder_version=\u00a0\u00bb4.18.1&Prime; _module_preset=\u00a0\u00bbdefault\u00a0\u00bb theme_builder_area=\u00a0\u00bbpost_content\u00a0\u00bb][et_pb_column _builder_version=\u00a0\u00bb4.18.1&Prime; _module_preset=\u00a0\u00bbdefault\u00a0\u00bb type=\u00a0\u00bb4_4&Prime; theme_builder_area=\u00a0\u00bbpost_content\u00a0\u00bb][et_pb_text _builder_version=\u00a0\u00bb4.18.1&Prime; _module_preset=\u00a0\u00bbdefault\u00a0\u00bb theme_builder_area=\u00a0\u00bbpost_content\u00a0\u00bb hover_enabled=\u00a0\u00bb0&Prime; sticky_enabled=\u00a0\u00bb0&Prime;]<\/p>\n<p>Inclusion NB est une organisation avant-gardiste sur le plan des possibilit\u00e9s offertes aux personnes ayant un handicap intellectuel ou d\u00e9veloppemental de vivre une vie pleine et valoris\u00e9e dans tous les aspects de la soci\u00e9t\u00e9. Nous sommes \u00e0 la recherche de membres motiv\u00e9s de la communaut\u00e9 pour si\u00e9ger au conseil d\u2019administration d&rsquo;Inclusion NB dans le cadre d\u2019un mandat de trois ans.\u00a0<\/p>\n<p>&nbsp;<\/p>\n<p>R\u00f4le d\u2019un membre du conseil d\u2019administration d&rsquo; Inclusion NB<\/p>\n<p>Inclusion NB est dot\u00e9 d\u2019un conseil d\u2019administration qui poss\u00e8de de solides connaissances en mati\u00e8re de gouvernance et de politiques. Nous sommes \u00e0 la recherche de b\u00e9n\u00e9voles motiv\u00e9s afin de faire progresser l\u2019inclusion de N\u00e9o-Brunswickoises et N\u00e9o-Brunswickois ayant un handicap intellectuel ou d\u00e9veloppemental.<\/p>\n<p>&nbsp;<\/p>\n<p>Cette ann\u00e9e, nous avons deux (2) postes vacants :\u00a0<\/p>\n<ul>\n<li>Tr\u00e9sorier du conseil d&rsquo;administration (certification ou accr\u00e9ditation en finance et\/ou comptabilit\u00e9<\/li>\n<li>Repr\u00e9sentante ou repr\u00e9sentant r\u00e9gional, r\u00e9gion du nord-ouest<\/li>\n<\/ul>\n<p>&nbsp;<\/p>\n<p>Un repr\u00e9sentant r\u00e9gional est un membre du conseil d\u2019administration qui souscrit \u00e0 la vision et \u00e0 la mission de l\u2019Association. Il est \u00e9lu dans le but pr\u00e9cis de repr\u00e9senter les int\u00e9r\u00eats d\u2019une ou de plusieurs communaut\u00e9s de sa r\u00e9gion g\u00e9ographique. Il fait valoir le point de vue de la r\u00e9gion qu\u2019il repr\u00e9sente.<\/p>\n<p>&nbsp;<\/p>\n<p>Tous les membres du conseil d\u2019administration d&rsquo;Inclusion NB seront soutenus par l\u2019assistante de direction d&rsquo;Inclusion NB de la mani\u00e8re qui leur convient le mieux pour assurer une pleine participation.\u00a0\u00a0<\/p>\n<p align=\"center\">Attributs cl\u00e9s d\u2019un membre du conseil d\u2019administration d&rsquo;Inclusion NB<\/p>\n<ul>\n<li>Exp\u00e9rience v\u00e9cue (d\u00e9fense des droits \u00e0 titre personnel et membre de la famille)<\/li>\n<li>Valeurs fondamentales et philosophie d\u2019inclusion qui correspondent \u00e0 celles d&rsquo;Inclusion NB;<\/li>\n<li>Exp\u00e9rience en mati\u00e8re de politique et de gouvernance;<\/li>\n<li>Exp\u00e9rience dans la gestion des risques;<\/li>\n<li>Exp\u00e9rience en mati\u00e8re de collecte de fonds.<\/li>\n<\/ul>\n<p>&nbsp;<\/p>\n<p>Nous recrutons \u00e9galement actuellement des membres du conseil d\u2019administration poss\u00e9dant les comp\u00e9tences particuli\u00e8res suivantes :<\/p>\n<ol>\n<li>Expertise financi\u00e8re ou comptable, ou les deux;<\/li>\n<li>Formation et expertise dans le domaine juridique;<\/li>\n<li>Expertise en ressources humaines.<\/li>\n<\/ol>\n<p>&nbsp;<\/p>\n<p align=\"center\">Responsabilit\u00e9s d\u2019un membre du conseil d\u2019administration d&rsquo;Inclusion NB<\/p>\n<ul>\n<li>Assister aux r\u00e9unions trimestrielles du conseil d\u2019administration et aux autres r\u00e9unions, s\u2019il y a lieu.\u00a0\u00a0<\/li>\n<li>Contribuer \u00e0 l\u2019orientation strat\u00e9gique d&rsquo;Inclusion NB<\/li>\n<li>Si\u00e9ger au sein de comit\u00e9s ou effectuer des t\u00e2ches particuli\u00e8res.<\/li>\n<li>Promouvoir la vision d&rsquo;Inclusion N<\/li>\n<li>Diriger et appuyer le travail d&rsquo;Inclusion NB<\/li>\n<\/ul>\n<p>&nbsp;<\/p>\n<p>Si vous souhaitez vous joindre \u00e0 l\u2019\u00e9quipe d&rsquo;Inclusion NB, recommander un candidat ou obtenir de plus amples renseignements sur cette occasion de b\u00e9n\u00e9volat, veuillez communiquer avec nous :<\/p>\n<p align=\"center\">Soutien au comit\u00e9 des candidatures\u00a0<\/p>\n<p align=\"center\">Lindsey Gillies, analyste des politiques<\/p>\n<p align=\"center\">courriel:\u00a0<a href=\"mailto:cmerryweather@nbacl.nb.ca\" data-auth=\"NotApplicable\">l<\/a>gillies@nbacl.nb.ca<\/p>\n<p align=\"center\">t\u00e9l\u00e9phone:\u00a0506.260.4368\u00a0<\/p>\n<p> [\/et_pb_text][\/et_pb_column][\/et_pb_row][\/et_pb_section]<\/p>\n","protected":false},"excerpt":{"rendered":"<p><strong>Conseil d&rsquo;administration | Inclusion NB<\/strong><br \/>est une organisation avant-gardiste sur le plan des possibilit\u00e9s offertes aux personnes ayant un handicap intellectuel ou d\u00e9veloppemental de vivre une vie pleine et valoris\u00e9e dans tous les aspects de la soci\u00e9t\u00e9. Nous sommes \u00e0 la recherche de membres motiv\u00e9s de la communaut\u00e9 pour si\u00e9ger au conseil d\u2019administration d&rsquo;Inclusion NB dans le cadre d\u2019un mandat de trois ans. <\/p>\n","protected":false},"author":1,"featured_media":0,"comment_status":"closed","ping_status":"closed","sticky":false,"template":"","format":"standard","meta":{"_et_pb_use_builder":"on","_et_pb_old_content":"","_et_gb_content_width":"","footnotes":""},"categories":[94],"tags":[239],"class_list":["post-15671","post","type-post","status-publish","format-standard","hentry","category-administration-fr","tag-inclusion-nb"],"yoast_head":"<!-- This site is optimized with the Yoast SEO plugin v27.4 - https:\/\/yoast.com\/product\/yoast-seo-wordpress\/ -->\n<title>Conseil d&#039;administration | Inclusion NB | Volunteer Centre of Southeastern New Brunswick | Centre du B\u00e9n\u00e9volat du Sud-Est du Nouveau-Brunswick inc.<\/title>\n<meta name=\"robots\" content=\"index, follow, max-snippet:-1, max-image-preview:large, max-video-preview:-1\" \/>\n<link rel=\"canonical\" href=\"https:\/\/volunteergreatermoncton.com\/fr\/conseil-dadministration-inclusion-nb\/\" \/>\n<meta property=\"og:locale\" content=\"fr_FR\" \/>\n<meta property=\"og:type\" content=\"article\" \/>\n<meta property=\"og:title\" content=\"Conseil d&#039;administration | Inclusion NB | Volunteer Centre of Southeastern New Brunswick | Centre du B\u00e9n\u00e9volat du Sud-Est du Nouveau-Brunswick inc.\" \/>\n<meta property=\"og:description\" content=\"Conseil d&#039;administration | Inclusion NBest une organisation avant-gardiste sur le plan des possibilit\u00e9s offertes aux personnes ayant un handicap intellectuel ou d\u00e9veloppemental de vivre une vie pleine et valoris\u00e9e dans tous les aspects de la soci\u00e9t\u00e9. Nous sommes \u00e0 la recherche de membres motiv\u00e9s de la communaut\u00e9 pour si\u00e9ger au conseil d\u2019administration d&#039;Inclusion NB dans le cadre d\u2019un mandat de trois ans.\" \/>\n<meta property=\"og:url\" content=\"https:\/\/volunteergreatermoncton.com\/fr\/conseil-dadministration-inclusion-nb\/\" \/>\n<meta property=\"og:site_name\" content=\"Volunteer Centre of Southeastern New Brunswick | Centre du B\u00e9n\u00e9volat du Sud-Est du Nouveau-Brunswick inc.\" \/>\n<meta property=\"article:published_time\" content=\"2022-11-03T13:09:19+00:00\" \/>\n<meta property=\"article:modified_time\" content=\"2022-12-10T21:06:06+00:00\" \/>\n<meta name=\"author\" content=\"marcialeger\" \/>\n<meta name=\"twitter:card\" content=\"summary_large_image\" \/>\n<meta name=\"twitter:label1\" content=\"\u00c9crit par\" \/>\n\t<meta name=\"twitter:data1\" content=\"marcialeger\" \/>\n\t<meta name=\"twitter:label2\" content=\"Dur\u00e9e de lecture estim\u00e9e\" \/>\n\t<meta name=\"twitter:data2\" content=\"2 minutes\" \/>\n<script type=\"application\/ld+json\" class=\"yoast-schema-graph\">{\"@context\":\"https:\\\/\\\/schema.org\",\"@graph\":[{\"@type\":\"Article\",\"@id\":\"https:\\\/\\\/volunteergreatermoncton.com\\\/fr\\\/conseil-dadministration-inclusion-nb\\\/#article\",\"isPartOf\":{\"@id\":\"https:\\\/\\\/volunteergreatermoncton.com\\\/fr\\\/conseil-dadministration-inclusion-nb\\\/\"},\"author\":{\"name\":\"marcialeger\",\"@id\":\"https:\\\/\\\/volunteergreatermoncton.com\\\/fr\\\/#\\\/schema\\\/person\\\/5ebbb3b935e3d2333ee085d33000fc07\"},\"headline\":\"Conseil d&rsquo;administration | Inclusion NB\",\"datePublished\":\"2022-11-03T13:09:19+00:00\",\"dateModified\":\"2022-12-10T21:06:06+00:00\",\"mainEntityOfPage\":{\"@id\":\"https:\\\/\\\/volunteergreatermoncton.com\\\/fr\\\/conseil-dadministration-inclusion-nb\\\/\"},\"wordCount\":634,\"publisher\":{\"@id\":\"https:\\\/\\\/volunteergreatermoncton.com\\\/fr\\\/#organization\"},\"keywords\":[\"Inclusion NB\"],\"articleSection\":[\"Administration\"],\"inLanguage\":\"fr-FR\"},{\"@type\":\"WebPage\",\"@id\":\"https:\\\/\\\/volunteergreatermoncton.com\\\/fr\\\/conseil-dadministration-inclusion-nb\\\/\",\"url\":\"https:\\\/\\\/volunteergreatermoncton.com\\\/fr\\\/conseil-dadministration-inclusion-nb\\\/\",\"name\":\"Conseil d'administration | Inclusion NB | Volunteer Centre of Southeastern New Brunswick | Centre du B\u00e9n\u00e9volat du Sud-Est du Nouveau-Brunswick inc.\",\"isPartOf\":{\"@id\":\"https:\\\/\\\/volunteergreatermoncton.com\\\/fr\\\/#website\"},\"datePublished\":\"2022-11-03T13:09:19+00:00\",\"dateModified\":\"2022-12-10T21:06:06+00:00\",\"breadcrumb\":{\"@id\":\"https:\\\/\\\/volunteergreatermoncton.com\\\/fr\\\/conseil-dadministration-inclusion-nb\\\/#breadcrumb\"},\"inLanguage\":\"fr-FR\",\"potentialAction\":[{\"@type\":\"ReadAction\",\"target\":[\"https:\\\/\\\/volunteergreatermoncton.com\\\/fr\\\/conseil-dadministration-inclusion-nb\\\/\"]}]},{\"@type\":\"BreadcrumbList\",\"@id\":\"https:\\\/\\\/volunteergreatermoncton.com\\\/fr\\\/conseil-dadministration-inclusion-nb\\\/#breadcrumb\",\"itemListElement\":[{\"@type\":\"ListItem\",\"position\":1,\"name\":\"Home\",\"item\":\"https:\\\/\\\/volunteergreatermoncton.com\\\/fr\\\/\"},{\"@type\":\"ListItem\",\"position\":2,\"name\":\"Administration\",\"item\":\"https:\\\/\\\/volunteergreatermoncton.com\\\/fr\\\/categorie-fr\\\/administration-fr\\\/\"},{\"@type\":\"ListItem\",\"position\":3,\"name\":\"Conseil d&#8217;administration | Inclusion NB\"}]},{\"@type\":\"WebSite\",\"@id\":\"https:\\\/\\\/volunteergreatermoncton.com\\\/fr\\\/#website\",\"url\":\"https:\\\/\\\/volunteergreatermoncton.com\\\/fr\\\/\",\"name\":\"Volunteer Centre of Southeastern New Brunswick | Centre du B\u00e9n\u00e9volat du Sud-Est du Nouveau-Brunswick inc.\",\"description\":\"Volunteer Centre of Southeastern New Brunswick\",\"publisher\":{\"@id\":\"https:\\\/\\\/volunteergreatermoncton.com\\\/fr\\\/#organization\"},\"potentialAction\":[{\"@type\":\"SearchAction\",\"target\":{\"@type\":\"EntryPoint\",\"urlTemplate\":\"https:\\\/\\\/volunteergreatermoncton.com\\\/fr\\\/?s={search_term_string}\"},\"query-input\":{\"@type\":\"PropertyValueSpecification\",\"valueRequired\":true,\"valueName\":\"search_term_string\"}}],\"inLanguage\":\"fr-FR\"},{\"@type\":\"Organization\",\"@id\":\"https:\\\/\\\/volunteergreatermoncton.com\\\/fr\\\/#organization\",\"name\":\"Volunteer Centre of Southeastern New Brunswick\",\"url\":\"https:\\\/\\\/volunteergreatermoncton.com\\\/fr\\\/\",\"logo\":{\"@type\":\"ImageObject\",\"inLanguage\":\"fr-FR\",\"@id\":\"https:\\\/\\\/volunteergreatermoncton.com\\\/fr\\\/#\\\/schema\\\/logo\\\/image\\\/\",\"url\":\"https:\\\/\\\/i1.wp.com\\\/volunteergreatermoncton.com\\\/wp-content\\\/uploads\\\/2019\\\/04\\\/volunteer-logo.png?fit=269%2C221&ssl=1\",\"contentUrl\":\"https:\\\/\\\/i1.wp.com\\\/volunteergreatermoncton.com\\\/wp-content\\\/uploads\\\/2019\\\/04\\\/volunteer-logo.png?fit=269%2C221&ssl=1\",\"width\":269,\"height\":221,\"caption\":\"Volunteer Centre of Southeastern New Brunswick\"},\"image\":{\"@id\":\"https:\\\/\\\/volunteergreatermoncton.com\\\/fr\\\/#\\\/schema\\\/logo\\\/image\\\/\"}},{\"@type\":\"Person\",\"@id\":\"https:\\\/\\\/volunteergreatermoncton.com\\\/fr\\\/#\\\/schema\\\/person\\\/5ebbb3b935e3d2333ee085d33000fc07\",\"name\":\"marcialeger\",\"image\":{\"@type\":\"ImageObject\",\"inLanguage\":\"fr-FR\",\"@id\":\"https:\\\/\\\/secure.gravatar.com\\\/avatar\\\/daae82109d34c3f58ae333ad75e5953c93a235f1935567fc09c691f27bbd24c9?s=96&d=mm&r=g\",\"url\":\"https:\\\/\\\/secure.gravatar.com\\\/avatar\\\/daae82109d34c3f58ae333ad75e5953c93a235f1935567fc09c691f27bbd24c9?s=96&d=mm&r=g\",\"contentUrl\":\"https:\\\/\\\/secure.gravatar.com\\\/avatar\\\/daae82109d34c3f58ae333ad75e5953c93a235f1935567fc09c691f27bbd24c9?s=96&d=mm&r=g\",\"caption\":\"marcialeger\"}}]}<\/script>\n<!-- \/ Yoast SEO plugin. -->","yoast_head_json":{"title":"Conseil d'administration | Inclusion NB | Volunteer Centre of Southeastern New Brunswick | Centre du B\u00e9n\u00e9volat du Sud-Est du Nouveau-Brunswick inc.","robots":{"index":"index","follow":"follow","max-snippet":"max-snippet:-1","max-image-preview":"max-image-preview:large","max-video-preview":"max-video-preview:-1"},"canonical":"https:\/\/volunteergreatermoncton.com\/fr\/conseil-dadministration-inclusion-nb\/","og_locale":"fr_FR","og_type":"article","og_title":"Conseil d'administration | Inclusion NB | Volunteer Centre of Southeastern New Brunswick | Centre du B\u00e9n\u00e9volat du Sud-Est du Nouveau-Brunswick inc.","og_description":"Conseil d'administration | Inclusion NBest une organisation avant-gardiste sur le plan des possibilit\u00e9s offertes aux personnes ayant un handicap intellectuel ou d\u00e9veloppemental de vivre une vie pleine et valoris\u00e9e dans tous les aspects de la soci\u00e9t\u00e9. Nous sommes \u00e0 la recherche de membres motiv\u00e9s de la communaut\u00e9 pour si\u00e9ger au conseil d\u2019administration d'Inclusion NB dans le cadre d\u2019un mandat de trois ans.","og_url":"https:\/\/volunteergreatermoncton.com\/fr\/conseil-dadministration-inclusion-nb\/","og_site_name":"Volunteer Centre of Southeastern New Brunswick | Centre du B\u00e9n\u00e9volat du Sud-Est du Nouveau-Brunswick inc.","article_published_time":"2022-11-03T13:09:19+00:00","article_modified_time":"2022-12-10T21:06:06+00:00","author":"marcialeger","twitter_card":"summary_large_image","twitter_misc":{"\u00c9crit par":"marcialeger","Dur\u00e9e de lecture estim\u00e9e":"2 minutes"},"schema":{"@context":"https:\/\/schema.org","@graph":[{"@type":"Article","@id":"https:\/\/volunteergreatermoncton.com\/fr\/conseil-dadministration-inclusion-nb\/#article","isPartOf":{"@id":"https:\/\/volunteergreatermoncton.com\/fr\/conseil-dadministration-inclusion-nb\/"},"author":{"name":"marcialeger","@id":"https:\/\/volunteergreatermoncton.com\/fr\/#\/schema\/person\/5ebbb3b935e3d2333ee085d33000fc07"},"headline":"Conseil d&rsquo;administration | Inclusion NB","datePublished":"2022-11-03T13:09:19+00:00","dateModified":"2022-12-10T21:06:06+00:00","mainEntityOfPage":{"@id":"https:\/\/volunteergreatermoncton.com\/fr\/conseil-dadministration-inclusion-nb\/"},"wordCount":634,"publisher":{"@id":"https:\/\/volunteergreatermoncton.com\/fr\/#organization"},"keywords":["Inclusion NB"],"articleSection":["Administration"],"inLanguage":"fr-FR"},{"@type":"WebPage","@id":"https:\/\/volunteergreatermoncton.com\/fr\/conseil-dadministration-inclusion-nb\/","url":"https:\/\/volunteergreatermoncton.com\/fr\/conseil-dadministration-inclusion-nb\/","name":"Conseil d'administration | Inclusion NB | Volunteer Centre of Southeastern New Brunswick | Centre du B\u00e9n\u00e9volat du Sud-Est du Nouveau-Brunswick inc.","isPartOf":{"@id":"https:\/\/volunteergreatermoncton.com\/fr\/#website"},"datePublished":"2022-11-03T13:09:19+00:00","dateModified":"2022-12-10T21:06:06+00:00","breadcrumb":{"@id":"https:\/\/volunteergreatermoncton.com\/fr\/conseil-dadministration-inclusion-nb\/#breadcrumb"},"inLanguage":"fr-FR","potentialAction":[{"@type":"ReadAction","target":["https:\/\/volunteergreatermoncton.com\/fr\/conseil-dadministration-inclusion-nb\/"]}]},{"@type":"BreadcrumbList","@id":"https:\/\/volunteergreatermoncton.com\/fr\/conseil-dadministration-inclusion-nb\/#breadcrumb","itemListElement":[{"@type":"ListItem","position":1,"name":"Home","item":"https:\/\/volunteergreatermoncton.com\/fr\/"},{"@type":"ListItem","position":2,"name":"Administration","item":"https:\/\/volunteergreatermoncton.com\/fr\/categorie-fr\/administration-fr\/"},{"@type":"ListItem","position":3,"name":"Conseil d&#8217;administration | Inclusion NB"}]},{"@type":"WebSite","@id":"https:\/\/volunteergreatermoncton.com\/fr\/#website","url":"https:\/\/volunteergreatermoncton.com\/fr\/","name":"Volunteer Centre of Southeastern New Brunswick | Centre du B\u00e9n\u00e9volat du Sud-Est du Nouveau-Brunswick inc.","description":"Volunteer Centre of Southeastern New Brunswick","publisher":{"@id":"https:\/\/volunteergreatermoncton.com\/fr\/#organization"},"potentialAction":[{"@type":"SearchAction","target":{"@type":"EntryPoint","urlTemplate":"https:\/\/volunteergreatermoncton.com\/fr\/?s={search_term_string}"},"query-input":{"@type":"PropertyValueSpecification","valueRequired":true,"valueName":"search_term_string"}}],"inLanguage":"fr-FR"},{"@type":"Organization","@id":"https:\/\/volunteergreatermoncton.com\/fr\/#organization","name":"Volunteer Centre of Southeastern New Brunswick","url":"https:\/\/volunteergreatermoncton.com\/fr\/","logo":{"@type":"ImageObject","inLanguage":"fr-FR","@id":"https:\/\/volunteergreatermoncton.com\/fr\/#\/schema\/logo\/image\/","url":"https:\/\/i1.wp.com\/volunteergreatermoncton.com\/wp-content\/uploads\/2019\/04\/volunteer-logo.png?fit=269%2C221&ssl=1","contentUrl":"https:\/\/i1.wp.com\/volunteergreatermoncton.com\/wp-content\/uploads\/2019\/04\/volunteer-logo.png?fit=269%2C221&ssl=1","width":269,"height":221,"caption":"Volunteer Centre of Southeastern New Brunswick"},"image":{"@id":"https:\/\/volunteergreatermoncton.com\/fr\/#\/schema\/logo\/image\/"}},{"@type":"Person","@id":"https:\/\/volunteergreatermoncton.com\/fr\/#\/schema\/person\/5ebbb3b935e3d2333ee085d33000fc07","name":"marcialeger","image":{"@type":"ImageObject","inLanguage":"fr-FR","@id":"https:\/\/secure.gravatar.com\/avatar\/daae82109d34c3f58ae333ad75e5953c93a235f1935567fc09c691f27bbd24c9?s=96&d=mm&r=g","url":"https:\/\/secure.gravatar.com\/avatar\/daae82109d34c3f58ae333ad75e5953c93a235f1935567fc09c691f27bbd24c9?s=96&d=mm&r=g","contentUrl":"https:\/\/secure.gravatar.com\/avatar\/daae82109d34c3f58ae333ad75e5953c93a235f1935567fc09c691f27bbd24c9?s=96&d=mm&r=g","caption":"marcialeger"}}]}},"_links":{"self":[{"href":"https:\/\/volunteergreatermoncton.com\/fr\/wp-json\/wp\/v2\/posts\/15671","targetHints":{"allow":["GET"]}}],"collection":[{"href":"https:\/\/volunteergreatermoncton.com\/fr\/wp-json\/wp\/v2\/posts"}],"about":[{"href":"https:\/\/volunteergreatermoncton.com\/fr\/wp-json\/wp\/v2\/types\/post"}],"author":[{"embeddable":true,"href":"https:\/\/volunteergreatermoncton.com\/fr\/wp-json\/wp\/v2\/users\/1"}],"replies":[{"embeddable":true,"href":"https:\/\/volunteergreatermoncton.com\/fr\/wp-json\/wp\/v2\/comments?post=15671"}],"version-history":[{"count":12,"href":"https:\/\/volunteergreatermoncton.com\/fr\/wp-json\/wp\/v2\/posts\/15671\/revisions"}],"predecessor-version":[{"id":16279,"href":"https:\/\/volunteergreatermoncton.com\/fr\/wp-json\/wp\/v2\/posts\/15671\/revisions\/16279"}],"wp:attachment":[{"href":"https:\/\/volunteergreatermoncton.com\/fr\/wp-json\/wp\/v2\/media?parent=15671"}],"wp:term":[{"taxonomy":"category","embeddable":true,"href":"https:\/\/volunteergreatermoncton.com\/fr\/wp-json\/wp\/v2\/categories?post=15671"},{"taxonomy":"post_tag","embeddable":true,"href":"https:\/\/volunteergreatermoncton.com\/fr\/wp-json\/wp\/v2\/tags?post=15671"}],"curies":[{"name":"wp","href":"https:\/\/api.w.org\/{rel}","templated":true}]}}